{"id":603,"date":"2020-01-28T18:34:00","date_gmt":"2020-01-28T17:34:00","guid":{"rendered":"https:\/\/ugoandco.lu\/?p=603"},"modified":"2021-11-02T17:59:36","modified_gmt":"2021-11-02T16:59:36","slug":"pourquoi-les-combis-vw-t2","status":"publish","type":"post","link":"https:\/\/ugoandco.lu\/en\/jolie-histoire\/pourquoi-les-combis-vw-t2\/","title":{"rendered":"Pourquoi les combis VW T2 ?"},"content":{"rendered":"<div data-elementor-type=\"wp-post\" data-elementor-id=\"603\" class=\"elementor elementor-603\" data-elementor-post-type=\"post\">\n\t\t\t\t\t\t<div class=\"elementor-inner\">\n\t\t\t\t<div class=\"elementor-section-wrap\">\n\t\t\t\t\t\t\t\t\t<section class=\"elementor-section elementor-top-section elementor-element elementor-element-3628c00d elementor-section-boxed elementor-section-height-default elementor-section-height-default\" data-id=\"3628c00d\" data-element_type=\"section\">\n\t\t\t\t\t\t<div class=\"elementor-container elementor-column-gap-default\">\n\t\t\t\t\t\t\t<div class=\"elementor-row\">\n\t\t\t\t\t<div class=\"elementor-column elementor-col-100 elementor-top-column elementor-element elementor-element-5ea3cdbd\" data-id=\"5ea3cdbd\" data-element_type=\"column\">\n\t\t\t<div class=\"elementor-column-wrap elementor-element-populated\">\n\t\t\t\t\t\t\t<div class=\"elementor-widget-wrap\">\n\t\t\t\t\t\t<div class=\"elementor-element elementor-element-500eea5d elementor-widget elementor-widget-text-editor\" data-id=\"500eea5d\" data-element_type=\"widget\" data-widget_type=\"text-editor.default\">\n\t\t\t\t<div class=\"elementor-widget-container\">\n\t\t\t\t\t\t\t\t<div class=\"elementor-text-editor elementor-clearfix\">\n\t\t\t\t<p><!-- wp:paragraph --><\/p>\n<p>Il y a quelques semaines, j\u2019ai pris un caf\u00e9 avec Marie-R\u00e9becca (de <a href=\"https:\/\/www.temeraire-marketing.lu\">t\u00e9M\u00e9RaiRe marketing<\/a>). On a beaucoup papot\u00e9 et elle a trouv\u00e9 le projet Ugo super inspirant. Elle m\u2019a pos\u00e9 tout un tas de questions. Et puis on s\u2019est dit qu\u2019on devait partager cette histoire, cet \u00e9change  \u2013  avec vous&nbsp;! Alors en voici la retranscription&#8230; Pour vous remettre dans les m\u00eames conditions, servez-vous un cappuccino avant de lire la suite ! \ud83d\ude0a<\/p>\n<p><!-- \/wp:paragraph --><\/p>\n<p><!-- wp:heading --><\/p>\n<h2>Bon d\u00e9j\u00e0, t\u2019es qui&nbsp;?<\/h2>\n<p><!-- \/wp:heading --><\/p>\n<p><!-- wp:paragraph --><\/p>\n<p>Je m\u2019appelle Charlotte, j\u2019ai bient\u00f4t 32 ans (et oui\u2026) et je viens de Bruxelles, m\u00eame si j\u2019ai v\u00e9cu au Luxembourg depuis mon adolescence. Chez moi pas de chien, pas de chat mais 3 vans (bient\u00f4t 4), ce sont mes <em>babies <\/em>et ils ont besoin de beaucoup d&rsquo;attention. \ud83d\ude3d<\/p>\n<p><!-- \/wp:paragraph --><\/p>\n<p><!-- wp:image {\"align\":\"right\",\"id\":532,\"width\":309,\"height\":309,\"sizeSlug\":\"large\"} --><\/p>\n<div class=\"wp-block-image\">\n<figure class=\"alignright size-large is-resized\"><img decoding=\"async\" loading=\"lazy\" src=\"https:\/\/ugoandco.lu\/wp-content\/uploads\/2020\/02\/417x417-ugo-1.png\" alt=\"\" class=\"wp-image-532\" width=\"309\" height=\"309\" srcset=\"https:\/\/ugoandco.lu\/wp-content\/uploads\/2020\/02\/417x417-ugo-1.png 417w, https:\/\/ugoandco.lu\/wp-content\/uploads\/2020\/02\/417x417-ugo-1-300x300.png 300w, https:\/\/ugoandco.lu\/wp-content\/uploads\/2020\/02\/417x417-ugo-1-150x150.png 150w\" sizes=\"(max-width: 309px) 100vw, 309px\" \/><\/figure>\n<\/div>\n<p><!-- \/wp:image --><\/p>\n<p><!-- wp:paragraph --><\/p>\n<p>Je suis aussi passionn\u00e9e d\u2019architecture, d\u2019am\u00e9nagements int\u00e9rieurs et surtout d\u2019am\u00e9nagement de petits espaces. Comme j&rsquo;ai fait des \u00e9tudes dans le domaine, je m&rsquo;amuse sur quelques projets&nbsp;&#8211; j\u2019ai r\u00e9cemment repens\u00e9 et am\u00e9nag\u00e9 une pharmacie et un centre de bien-\u00eatre par exemple. Niveau mati\u00e8re j\u2019aime (r\u00e9)utiliser les mat\u00e9riaux naturels, le bois, la pierre. <\/p>\n<p><!-- \/wp:paragraph --><\/p>\n<p><!-- wp:paragraph --><\/p>\n<p>J\u2019adore aussi tout ce qui touche \u00e0 l\u2019art, particuli\u00e8rement la peinture, et plus particuli\u00e8rement encore la peinture de l\u2019\u00e9poque Renaissance. Le Mudam fait partie de mes lieux pr\u00e9f\u00e9r\u00e9s (je vous conseille d&rsquo;ailleurs Anri Sala qui expose en ce moment) : rien que le b\u00e2timent en lui-m\u00eame vaut le d\u00e9tour. Avec des vans comme animaux de compagnie, voyager et visiter de nouveaux lieux, \u00e7a me parle \u00e9galement. Qui dit voyage dit paysages, villes, \u00e9glises et &#8230; saveurs culinaires. Ma derni\u00e8re destination ? Milan, et sa cath\u00e9drale (Le Duomo de Milan) &#8211; qui est juste splendide&nbsp;!<\/p>\n<p><!-- \/wp:paragraph --><\/p>\n<p><!-- wp:heading --><\/p>\n<h2>\u00c7a sort d\u2019o\u00f9 cette passion pour les combi&nbsp;Volkswagen&nbsp;?<\/h2>\n<p><!-- \/wp:heading --><\/p>\n<p><!-- wp:paragraph --><\/p>\n<p>J\u2019ai achet\u00e9 mon premier combi car je voulais me lancer dans le domaine de l\u2019\u00e9v\u00e9nementiel, en tant qu\u2019organisateur\/planificateur d\u2019\u00e9v\u00e9nements. Et je ne voulais pas d\u2019un bureau fixe standard, mais plut\u00f4t d&rsquo;un bureau mobile&#8230; J\u2019ai cherch\u00e9 un v\u00e9hicule aux airs sympathiques et j\u2019ai tout de suite craqu\u00e9 devant la bouille du VW T2&nbsp;!<\/p>\n<p><!-- \/wp:paragraph --><\/p>\n<p><!-- wp:paragraph --><\/p>\n<p>Le premier van \u00e0 peine termin\u00e9, j\u2019ai eu envie d\u2019en adopter un autre, puis un autre\u2026&nbsp;\ud83d\ude1c&nbsp; Et Ugo et sa famille sont devenus un concept \u00e9v\u00e9nementiel \u00e0 part enti\u00e8re.<\/p>\n<p><!-- \/wp:paragraph --><\/p>\n<p><!-- wp:heading --><\/p>\n<h2>Ugo : pr\u00e9nom au hasard&nbsp;?<\/h2>\n<p><!-- \/wp:heading --><\/p>\n<p><!-- wp:paragraph --><\/p>\n<p>Pas du tout&nbsp;! C\u2019est en regardant la s\u00e9rie \u00ab\u00a0Lost\u00a0\u00bb, que j\u2019ai adopt\u00e9 ce nom. J&rsquo;avais vraiment accroch\u00e9 \u00e0 la premi\u00e8re saison (bon les autres un peu moins&#8230;). Et dans un \u00e9pisode, mon personnage pr\u00e9f\u00e9r\u00e9, Hugo\/Hurley tombe nez \u00e0 nez avec un VW combi T2, enfoui en plein milieu de la for\u00eat. Il \u00e9tait bleu et blanc, tout comme le mien. Surprise ? Co\u00efncidence ? Je me suis repass\u00e9 la sc\u00e8ne au moins 5 fois et j&rsquo;ai ensuite baptis\u00e9 mon van Ugo&#8230;<\/p>\n<p><!-- \/wp:paragraph --><\/p>\n<p><!-- wp:embed {\"url\":\"https:\/\/www.youtube.com\/watch?v=p4zrTwjrP7s\",\"type\":\"video\",\"providerNameSlug\":\"youtube\",\"responsive\":true,\"className\":\"wp-embed-aspect-4-3 wp-has-aspect-ratio\"} --><\/p>\n<figure class=\"wp-block-embed is-type-video is-provider-youtube wp-block-embed-youtube wp-embed-aspect-4-3 wp-has-aspect-ratio\">\n<div class=\"wp-block-embed__wrapper\">\n<div class=\"ast-oembed-container\"><iframe loading=\"lazy\" title=\"Volkswagen - Kombi lost\" width=\"500\" height=\"375\" src=\"https:\/\/www.youtube.com\/embed\/p4zrTwjrP7s?feature=oembed\" frameborder=\"0\" allow=\"accelerometer; autoplay; encrypted-media; gyroscope; picture-in-picture\" allowfullscreen><\/iframe><\/div>\n<\/div>\n<\/figure>\n<p><!-- \/wp:embed --><\/p>\n<p><!-- wp:paragraph --><\/p>\n<p>Pour les autres vans de la famille, h\u00e9 bien, Edgard rime avec &lsquo;bar&rsquo; et &lsquo;comptoir&rsquo;, William (le van cin\u00e9ma) est une r\u00e9f\u00e9rence \u00e0 William Shakespeare, Martine est une d\u00e9dicace \u00e0 ma maman qui m\u2019a beaucoup aid\u00e9 dans cette entreprise, et Rodolphe sonne juste bien. \ud83d\ude05<\/p>\n<p><!-- \/wp:paragraph --><\/p>\n<p><!-- wp:heading --><\/p>\n<h2>En mati\u00e8re d\u2019\u00e9v\u00e8nements il y a tellement de<br>\nchoses possibles, comment tu convaincs tes clients de ton concept&nbsp;?<\/h2>\n<p><!-- \/wp:heading --><\/p>\n<p><!-- wp:paragraph --><\/p>\n<p>La frimousse de mes combis suffit, je n&rsquo;ai pas besoin de les vendre ils sont tellement adorables&nbsp;!&nbsp;\ud83d\ude0d Ils ont cette facult\u00e9 de nous submerger d&rsquo;une vague de nostalgie positive. Quand je circule dans la rue, les gens s\u2019arr\u00eatent pour leur faire coucou&#8230; Le concept en soi s\u00e9duit car il a un c\u00f4t\u00e9 novateur : \u00e0 chaque f\u00eate du personnel ou mariage les h\u00f4tes veulent que leurs convives se souviennent longtemps de leur soir\u00e9e.<\/p>\n<p><!-- \/wp:paragraph --><\/p>\n<p><!-- wp:image {\"id\":380,\"sizeSlug\":\"large\"} --><\/p>\n<figure class=\"wp-block-image size-large\"><img decoding=\"async\" loading=\"lazy\" width=\"1024\" height=\"788\" src=\"https:\/\/ugoandco.lu\/wp-content\/uploads\/2020\/02\/ugo-vans-luxembourg-evenements-ing-photo8-1024x788.jpg\" alt=\"\" class=\"wp-image-380\" srcset=\"https:\/\/ugoandco.lu\/wp-content\/uploads\/2020\/02\/ugo-vans-luxembourg-evenements-ing-photo8-1024x788.jpg 1024w, https:\/\/ugoandco.lu\/wp-content\/uploads\/2020\/02\/ugo-vans-luxembourg-evenements-ing-photo8-300x231.jpg 300w, https:\/\/ugoandco.lu\/wp-content\/uploads\/2020\/02\/ugo-vans-luxembourg-evenements-ing-photo8-768x591.jpg 768w, https:\/\/ugoandco.lu\/wp-content\/uploads\/2020\/02\/ugo-vans-luxembourg-evenements-ing-photo8-1536x1182.jpg 1536w, https:\/\/ugoandco.lu\/wp-content\/uploads\/2020\/02\/ugo-vans-luxembourg-evenements-ing-photo8-2048x1576.jpg 2048w\" sizes=\"(max-width: 1024px) 100vw, 1024px\" \/><\/figure>\n<p><!-- \/wp:image --><\/p>\n<p><!-- wp:heading --><\/p>\n<h2>Tu viens de te consacrer en <em>full time<\/em> \u00e0 Ugo &amp; Co, c\u2019est quoi les prochaines \u00e9tapes&nbsp;?<\/h2>\n<p><!-- \/wp:heading --><\/p>\n<p><!-- wp:paragraph --><\/p>\n<p>Je dirai d\u00e9velopper d\u2019autres concepts \u00e0 int\u00e9grer dans mes combis. Mais le produit reste malgr\u00e9 tout fort saisonnier (les beaux jours forc\u00e9ment). Je suis en train de r\u00e9fl\u00e9chir \u00e0 d\u00e9tourner chaque van pour l&rsquo;adapter la location en p\u00e9riode hivernale\u2026 Affaire \u00e0 suivre ! \ud83e\uddd0<\/p>\n<p><!-- \/wp:paragraph --><\/p>\n<p><!-- wp:spacer --><\/p>\n<div style=\"height:100px\" aria-hidden=\"true\" class=\"wp-block-spacer\"><\/div>\n<p><!-- \/wp:spacer --><\/p>\n<p><!-- wp:heading {\"level\":3} --><\/p>\n<h3>L\u00e0 normalement, vous avez (vous aussi) termin\u00e9 votre cappuccino, et il est temps pour moi de vous donner rendez-vous au prochain article&nbsp;\ud83d\ude09 Pour partager un caf\u00e9 (en vrai) ensemble, <a href=\"https:\/\/ugoandco.lu\/en\/contact\/\">laissez-moi un petit message&nbsp;<\/a>!<\/h3>\n<p><!-- \/wp:heading --><\/p>\t\t\t\t\t<\/div>\n\t\t\t\t\t\t<\/div>\n\t\t\t\t<\/div>\n\t\t\t\t\t\t<\/div>\n\t\t\t\t\t<\/div>\n\t\t<\/div>\n\t\t\t\t\t\t\t\t<\/div>\n\t\t\t\t\t<\/div>\n\t\t<\/section>\n\t\t\t\t\t\t\t\t\t<\/div>\n\t\t\t<\/div>\n\t\t\t\t\t<\/div>","protected":false},"excerpt":{"rendered":"<p>Il y a quelques semaines, j\u2019ai pris un caf\u00e9 avec Marie-R\u00e9becca (de t\u00e9M\u00e9RaiRe marketing). On a beaucoup papot\u00e9 et elle a trouv\u00e9 le projet Ugo super inspirant. Elle m\u2019a pos\u00e9 tout un tas de questions. Et puis on s\u2019est dit qu\u2019on devait partager cette histoire, cet \u00e9change \u2013 avec vous&nbsp;! Alors en voici la retranscription&#8230; &hellip;<\/p>\n<p class=\"read-more\"> <a class=\"\" href=\"https:\/\/ugoandco.lu\/en\/jolie-histoire\/pourquoi-les-combis-vw-t2\/\"> <span class=\"screen-reader-text\">Pourquoi les combis VW T2 ?<\/span> Read More &raquo;<\/a><\/p>","protected":false},"author":1,"featured_media":456,"comment_status":"open","ping_status":"open","sticky":false,"template":"","format":"standard","meta":{"_seopress_robots_primary_cat":"none","_eb_attr":""},"categories":[33],"tags":[],"_links":{"self":[{"href":"https:\/\/ugoandco.lu\/en\/wp-json\/wp\/v2\/posts\/603"}],"collection":[{"href":"https:\/\/ugoandco.lu\/en\/wp-json\/wp\/v2\/posts"}],"about":[{"href":"https:\/\/ugoandco.lu\/en\/wp-json\/wp\/v2\/types\/post"}],"author":[{"embeddable":true,"href":"https:\/\/ugoandco.lu\/en\/wp-json\/wp\/v2\/users\/1"}],"replies":[{"embeddable":true,"href":"https:\/\/ugoandco.lu\/en\/wp-json\/wp\/v2\/comments?post=603"}],"version-history":[{"count":6,"href":"https:\/\/ugoandco.lu\/en\/wp-json\/wp\/v2\/posts\/603\/revisions"}],"predecessor-version":[{"id":1376,"href":"https:\/\/ugoandco.lu\/en\/wp-json\/wp\/v2\/posts\/603\/revisions\/1376"}],"wp:featuredmedia":[{"embeddable":true,"href":"https:\/\/ugoandco.lu\/en\/wp-json\/wp\/v2\/media\/456"}],"wp:attachment":[{"href":"https:\/\/ugoandco.lu\/en\/wp-json\/wp\/v2\/media?parent=603"}],"wp:term":[{"taxonomy":"category","embeddable":true,"href":"https:\/\/ugoandco.lu\/en\/wp-json\/wp\/v2\/categories?post=603"},{"taxonomy":"post_tag","embeddable":true,"href":"https:\/\/ugoandco.lu\/en\/wp-json\/wp\/v2\/tags?post=603"}],"curies":[{"name":"wp","href":"https:\/\/api.w.org\/{rel}","templated":true}]}}